{"id":908,"date":"2020-05-25T09:34:38","date_gmt":"2020-05-25T09:34:38","guid":{"rendered":"http:\/\/fakultaetentag-sportwissenschaft.de\/?p=908"},"modified":"2020-05-25T09:38:31","modified_gmt":"2020-05-25T09:38:31","slug":"videokonferenzen-des-fakultatentags-nrw","status":"publish","type":"post","link":"https:\/\/fakultaetentag-sportwissenschaft.de\/index.php\/2020\/05\/25\/videokonferenzen-des-fakultatentags-nrw\/","title":{"rendered":"Videokonferenzen des Fakult\u00e4tentags NRW"},"content":{"rendered":"<p><a href=\"http:\/\/fakultaetentag-sportwissenschaft.de\/wp-content\/uploads\/2018\/11\/fs_nrw_logo_rechteck.png\"><img loading=\"lazy\" decoding=\"async\" class=\"alignright wp-image-610\" src=\"http:\/\/fakultaetentag-sportwissenschaft.de\/wp-content\/uploads\/2018\/11\/fs_nrw_logo_rechteck-300x135.png\" alt=\"Logo der Landeskonferent des Fakult\u00e4tentages Sportwissenschaft in Nordrhein-Westfalen\" width=\"260\" height=\"117\" srcset=\"https:\/\/fakultaetentag-sportwissenschaft.de\/wp-content\/uploads\/2018\/11\/fs_nrw_logo_rechteck-300x135.png 300w, https:\/\/fakultaetentag-sportwissenschaft.de\/wp-content\/uploads\/2018\/11\/fs_nrw_logo_rechteck.png 360w\" sizes=\"auto, (max-width: 260px) 100vw, 260px\" \/><\/a><\/p>\n<p>Aufgrund der Corona-Pandemie f\u00fchrt auch der Fakult\u00e4tentag NRW seine Sitzungen digital durch. Am 20.05. tagte die AG zum Forschungsverbund Kinder- und Jugendsport NRW. Zur stellvertretenden Vorsitzenden wurde Prof. Christine Graf von der DSHS K\u00f6ln gew\u00e4hlt. Au\u00dferdem diskutierten die Mitglieder den Forschungsentwicklungsplan des Verbundes. Am 22.05. fand die 12. Sitzung des Fakult\u00e4tentags NRW statt. Im Vordergrund der Gespr\u00e4che stand die Durchf\u00fchrung der fachpraktischen Lehre im Sommersemester.<\/p>\n","protected":false},"excerpt":{"rendered":"<p>Aufgrund der Corona-Pandemie f\u00fchrt auch der Fakult\u00e4tentag NRW seine Sitzungen digital durch. Am 20.05. tagte die AG zum Forschungsverbund Kinder- und Jugendsport NRW. Zur stellvertretenden Vorsitzenden wurde Prof. Christine Graf von der DSHS K\u00f6ln gew\u00e4hlt. Au\u00dferdem diskutierten die Mitglieder den Forschungsentwicklungsplan des Verbundes. Am 22.05. fand die 12. Sitzung des Fakult\u00e4tentags NRW statt. Im Vordergrund <span class=\"ellipsis\">&hellip;<\/span> <span class=\"more-link-wrap\"><a href=\"https:\/\/fakultaetentag-sportwissenschaft.de\/index.php\/2020\/05\/25\/videokonferenzen-des-fakultatentags-nrw\/\" class=\"more-link\"><span>Read More &rarr;<\/span><\/a><\/span><\/p>\n","protected":false},"author":2,"featured_media":0,"comment_status":"closed","ping_status":"closed","sticky":false,"template":"","format":"standard","meta":{"footnotes":""},"categories":[13,6],"tags":[],"class_list":["post-908","post","type-post","status-publish","format-standard","hentry","category-nrw-aktuelles","category-lako-nrw"],"_links":{"self":[{"href":"https:\/\/fakultaetentag-sportwissenschaft.de\/index.php\/wp-json\/wp\/v2\/posts\/908","targetHints":{"allow":["GET"]}}],"collection":[{"href":"https:\/\/fakultaetentag-sportwissenschaft.de\/index.php\/wp-json\/wp\/v2\/posts"}],"about":[{"href":"https:\/\/fakultaetentag-sportwissenschaft.de\/index.php\/wp-json\/wp\/v2\/types\/post"}],"author":[{"embeddable":true,"href":"https:\/\/fakultaetentag-sportwissenschaft.de\/index.php\/wp-json\/wp\/v2\/users\/2"}],"replies":[{"embeddable":true,"href":"https:\/\/fakultaetentag-sportwissenschaft.de\/index.php\/wp-json\/wp\/v2\/comments?post=908"}],"version-history":[{"count":9,"href":"https:\/\/fakultaetentag-sportwissenschaft.de\/index.php\/wp-json\/wp\/v2\/posts\/908\/revisions"}],"predecessor-version":[{"id":918,"href":"https:\/\/fakultaetentag-sportwissenschaft.de\/index.php\/wp-json\/wp\/v2\/posts\/908\/revisions\/918"}],"wp:attachment":[{"href":"https:\/\/fakultaetentag-sportwissenschaft.de\/index.php\/wp-json\/wp\/v2\/media?parent=908"}],"wp:term":[{"taxonomy":"category","embeddable":true,"href":"https:\/\/fakultaetentag-sportwissenschaft.de\/index.php\/wp-json\/wp\/v2\/categories?post=908"},{"taxonomy":"post_tag","embeddable":true,"href":"https:\/\/fakultaetentag-sportwissenschaft.de\/index.php\/wp-json\/wp\/v2\/tags?post=908"}],"curies":[{"name":"wp","href":"https:\/\/api.w.org\/{rel}","templated":true}]}}