{"id":865,"date":"2020-03-25T13:49:51","date_gmt":"2020-03-25T13:49:51","guid":{"rendered":"http:\/\/fakultaetentag-sportwissenschaft.de\/?p=865"},"modified":"2020-03-26T09:11:21","modified_gmt":"2020-03-26T09:11:21","slug":"vorstand-des-fakulatentag-sportwissenschaft-unterstutzt-ideenborse-der-dvs-in-zeiten-von-corona","status":"publish","type":"post","link":"https:\/\/fakultaetentag-sportwissenschaft.de\/index.php\/2020\/03\/25\/vorstand-des-fakulatentag-sportwissenschaft-unterstutzt-ideenborse-der-dvs-in-zeiten-von-corona\/","title":{"rendered":"Vorstand des Fakul\u00e4tentag Sportwissenschaft unterst\u00fctzt Ideenb\u00f6rse der dvs in Zeiten von Corona"},"content":{"rendered":"<p><a href=\"http:\/\/fakultaetentag-sportwissenschaft.de\/wp-content\/uploads\/2020\/03\/dvs_logo_icon_Deutsche_Vereinigung_fuer_Sportwissenschaft_Logo.png\"><img loading=\"lazy\" decoding=\"async\" class=\"alignright wp-image-870\" src=\"http:\/\/fakultaetentag-sportwissenschaft.de\/wp-content\/uploads\/2020\/03\/dvs_logo_icon_Deutsche_Vereinigung_fuer_Sportwissenschaft_Logo-300x149.png\" alt=\"\" width=\"113\" height=\"56\" srcset=\"https:\/\/fakultaetentag-sportwissenschaft.de\/wp-content\/uploads\/2020\/03\/dvs_logo_icon_Deutsche_Vereinigung_fuer_Sportwissenschaft_Logo-300x149.png 300w, https:\/\/fakultaetentag-sportwissenschaft.de\/wp-content\/uploads\/2020\/03\/dvs_logo_icon_Deutsche_Vereinigung_fuer_Sportwissenschaft_Logo-768x381.png 768w, https:\/\/fakultaetentag-sportwissenschaft.de\/wp-content\/uploads\/2020\/03\/dvs_logo_icon_Deutsche_Vereinigung_fuer_Sportwissenschaft_Logo-1024x507.png 1024w, https:\/\/fakultaetentag-sportwissenschaft.de\/wp-content\/uploads\/2020\/03\/dvs_logo_icon_Deutsche_Vereinigung_fuer_Sportwissenschaft_Logo.png 2000w\" sizes=\"auto, (max-width: 113px) 100vw, 113px\" \/><\/a><\/p>\n<p>Das Pr\u00e4sdium der Deutschen Vereinigung f\u00fcr Sportwissenschaft (dvs) hat einen Aufruf zur Einrichtung einer Ideenb\u00f6rse zur (digitalen) Gestaltung der Lehre im Fach Sportwissenschaft in Zeiten von Corona gestartet. Der Vorstand des Fakult\u00e4tentag Sportwissenschaft unterst\u00fctzt diese Initiative.<\/p>\n<p class=\"western\" align=\"justify\">Den Brief des dvs-Pr\u00e4sidenten Prof. Dr. Ansgar Schwirtz (TU M\u00fcnchen) k\u00f6nnen Sie unter\u00a0 <a href=\"http:\/\/fakultaetentag-sportwissenschaft.de\/wp-content\/uploads\/2020\/03\/Sportwissenschaft-digital_Brief_von_Dr_Schwirtz_dvs_2020-03-24-1.pdf\"><img loading=\"lazy\" decoding=\"async\" class=\"alignnone wp-image-77\" src=\"http:\/\/fakultaetentag-sportwissenschaft.de\/wp-content\/uploads\/2015\/07\/pdf-icon-png-pdf-zum-download-2.png\" alt=\"\" width=\"28\" height=\"32\" \/><\/a><a href=\"http:\/\/fakultaetentag-sportwissenschaft.de\/wp-content\/uploads\/2020\/03\/Sportwissenschaft-digital_Brief_von_Dr_Schwirtz_dvs_2020-03-24-1.pdf\" target=\"_blank\" rel=\"noopener noreferrer\"> diesem Link herunterladen<\/a>.<\/p>\n<p class=\"western\" align=\"justify\">Weitere Informationen zur Ideenb\u00f6rse finden Sie auf der offiziellen Webseite unter: <a href=\"http:\/\/www.sportwissenschaft.de\/digital\/\">www.sportwissenschaft.de\/digital\/<\/a><\/p>\n","protected":false},"excerpt":{"rendered":"<p>Das Pr\u00e4sdium der Deutschen Vereinigung f\u00fcr Sportwissenschaft (dvs) hat einen Aufruf zur Einrichtung einer Ideenb\u00f6rse zur (digitalen) Gestaltung der Lehre im Fach Sportwissenschaft in Zeiten von Corona gestartet. Der Vorstand des Fakult\u00e4tentag Sportwissenschaft unterst\u00fctzt diese Initiative. Den Brief des dvs-Pr\u00e4sidenten Prof. Dr. Ansgar Schwirtz (TU M\u00fcnchen) k\u00f6nnen Sie unter\u00a0 diesem Link herunterladen. Weitere Informationen zur <span class=\"ellipsis\">&hellip;<\/span> <span class=\"more-link-wrap\"><a href=\"https:\/\/fakultaetentag-sportwissenschaft.de\/index.php\/2020\/03\/25\/vorstand-des-fakulatentag-sportwissenschaft-unterstutzt-ideenborse-der-dvs-in-zeiten-von-corona\/\" class=\"more-link\"><span>Read More &rarr;<\/span><\/a><\/span><\/p>\n","protected":false},"author":2,"featured_media":0,"comment_status":"closed","ping_status":"closed","sticky":false,"template":"","format":"standard","meta":{"footnotes":""},"categories":[2],"tags":[],"class_list":["post-865","post","type-post","status-publish","format-standard","hentry","category-aktuelles"],"_links":{"self":[{"href":"https:\/\/fakultaetentag-sportwissenschaft.de\/index.php\/wp-json\/wp\/v2\/posts\/865","targetHints":{"allow":["GET"]}}],"collection":[{"href":"https:\/\/fakultaetentag-sportwissenschaft.de\/index.php\/wp-json\/wp\/v2\/posts"}],"about":[{"href":"https:\/\/fakultaetentag-sportwissenschaft.de\/index.php\/wp-json\/wp\/v2\/types\/post"}],"author":[{"embeddable":true,"href":"https:\/\/fakultaetentag-sportwissenschaft.de\/index.php\/wp-json\/wp\/v2\/users\/2"}],"replies":[{"embeddable":true,"href":"https:\/\/fakultaetentag-sportwissenschaft.de\/index.php\/wp-json\/wp\/v2\/comments?post=865"}],"version-history":[{"count":15,"href":"https:\/\/fakultaetentag-sportwissenschaft.de\/index.php\/wp-json\/wp\/v2\/posts\/865\/revisions"}],"predecessor-version":[{"id":884,"href":"https:\/\/fakultaetentag-sportwissenschaft.de\/index.php\/wp-json\/wp\/v2\/posts\/865\/revisions\/884"}],"wp:attachment":[{"href":"https:\/\/fakultaetentag-sportwissenschaft.de\/index.php\/wp-json\/wp\/v2\/media?parent=865"}],"wp:term":[{"taxonomy":"category","embeddable":true,"href":"https:\/\/fakultaetentag-sportwissenschaft.de\/index.php\/wp-json\/wp\/v2\/categories?post=865"},{"taxonomy":"post_tag","embeddable":true,"href":"https:\/\/fakultaetentag-sportwissenschaft.de\/index.php\/wp-json\/wp\/v2\/tags?post=865"}],"curies":[{"name":"wp","href":"https:\/\/api.w.org\/{rel}","templated":true}]}}