{"id":863,"date":"2020-03-23T15:47:05","date_gmt":"2020-03-23T15:47:05","guid":{"rendered":"http:\/\/fakultaetentag-sportwissenschaft.de\/?p=863"},"modified":"2020-03-23T15:47:05","modified_gmt":"2020-03-23T15:47:05","slug":"absage-der-9-bundeskonferenz-und-des-3-symposiums-sportwissenschaft-2030","status":"publish","type":"post","link":"https:\/\/fakultaetentag-sportwissenschaft.de\/index.php\/2020\/03\/23\/absage-der-9-bundeskonferenz-und-des-3-symposiums-sportwissenschaft-2030\/","title":{"rendered":"Absage der 9. Bundeskonferenz und des 3. Symposiums &#8220;Sportwissenschaft 2030&#8221;"},"content":{"rendered":"<p>Aufgrund der aktuellen Entwicklungen hat der Vorstand des Fakult\u00e4tentages Sportwissenschaft entschieden, die beiden o.a. Veranstaltungen f\u00fcr den 23. und 24. April 2020 in der LSB-Sportschule in Frankfurt abzusagen. Der Vorstand bem\u00fcht sich um eine Verlegung in den Herbst 2020, sofern dies dann m\u00f6glich ist, und freut sich auf die Teilnahme aller bereits angemeldeten Personen. Sollte das jedoch wider Erwarten nicht m\u00f6glich sein, kann die Teilnahmeberechtigung auf eine andere Person (z.B. aus dem Kollegium) \u00fcbertragen werden. Sollte auch dies nicht m\u00f6glich sein, wird die Teilnahmegeb\u00fchr zur\u00fcckerstattet.<\/p>\n<div>\n<div><\/div>\n<div>Im Namen des Vorstandes<\/div>\n<div>Prof. Dr. Detlef Kuhlmann<\/div>\n<div>(Vorsitzender des Fakult\u00e4tentages Sportwissenschaft)<\/div>\n<\/div>\n","protected":false},"excerpt":{"rendered":"<p>Aufgrund der aktuellen Entwicklungen hat der Vorstand des Fakult\u00e4tentages Sportwissenschaft entschieden, die beiden o.a. Veranstaltungen f\u00fcr den 23. und 24. April 2020 in der LSB-Sportschule in Frankfurt abzusagen. Der Vorstand bem\u00fcht sich um eine Verlegung in den Herbst 2020, sofern dies dann m\u00f6glich ist, und freut sich auf die Teilnahme aller bereits angemeldeten Personen. Sollte <span class=\"ellipsis\">&hellip;<\/span> <span class=\"more-link-wrap\"><a href=\"https:\/\/fakultaetentag-sportwissenschaft.de\/index.php\/2020\/03\/23\/absage-der-9-bundeskonferenz-und-des-3-symposiums-sportwissenschaft-2030\/\" class=\"more-link\"><span>Read More &rarr;<\/span><\/a><\/span><\/p>\n","protected":false},"author":2,"featured_media":0,"comment_status":"closed","ping_status":"closed","sticky":false,"template":"","format":"standard","meta":{"footnotes":""},"categories":[2],"tags":[],"class_list":["post-863","post","type-post","status-publish","format-standard","hentry","category-aktuelles"],"_links":{"self":[{"href":"https:\/\/fakultaetentag-sportwissenschaft.de\/index.php\/wp-json\/wp\/v2\/posts\/863","targetHints":{"allow":["GET"]}}],"collection":[{"href":"https:\/\/fakultaetentag-sportwissenschaft.de\/index.php\/wp-json\/wp\/v2\/posts"}],"about":[{"href":"https:\/\/fakultaetentag-sportwissenschaft.de\/index.php\/wp-json\/wp\/v2\/types\/post"}],"author":[{"embeddable":true,"href":"https:\/\/fakultaetentag-sportwissenschaft.de\/index.php\/wp-json\/wp\/v2\/users\/2"}],"replies":[{"embeddable":true,"href":"https:\/\/fakultaetentag-sportwissenschaft.de\/index.php\/wp-json\/wp\/v2\/comments?post=863"}],"version-history":[{"count":1,"href":"https:\/\/fakultaetentag-sportwissenschaft.de\/index.php\/wp-json\/wp\/v2\/posts\/863\/revisions"}],"predecessor-version":[{"id":864,"href":"https:\/\/fakultaetentag-sportwissenschaft.de\/index.php\/wp-json\/wp\/v2\/posts\/863\/revisions\/864"}],"wp:attachment":[{"href":"https:\/\/fakultaetentag-sportwissenschaft.de\/index.php\/wp-json\/wp\/v2\/media?parent=863"}],"wp:term":[{"taxonomy":"category","embeddable":true,"href":"https:\/\/fakultaetentag-sportwissenschaft.de\/index.php\/wp-json\/wp\/v2\/categories?post=863"},{"taxonomy":"post_tag","embeddable":true,"href":"https:\/\/fakultaetentag-sportwissenschaft.de\/index.php\/wp-json\/wp\/v2\/tags?post=863"}],"curies":[{"name":"wp","href":"https:\/\/api.w.org\/{rel}","templated":true}]}}