{"id":835,"date":"2019-11-20T06:20:08","date_gmt":"2019-11-20T06:20:08","guid":{"rendered":"http:\/\/fakultaetentag-sportwissenschaft.de\/?p=835"},"modified":"2019-11-20T06:20:08","modified_gmt":"2019-11-20T06:20:08","slug":"sitzung-des-fakultatentags-sportwissenschaft-nrw-in-bielefeld","status":"publish","type":"post","link":"https:\/\/fakultaetentag-sportwissenschaft.de\/index.php\/2019\/11\/20\/sitzung-des-fakultatentags-sportwissenschaft-nrw-in-bielefeld\/","title":{"rendered":"Sitzung des Fakult\u00e4tentags Sportwissenschaft NRW in Bielefeld"},"content":{"rendered":"<p>Die 11. Sitzung des Fakult\u00e4tentags Sportwissenschaft NRW fand am <a href=\"http:\/\/fakultaetentag-sportwissenschaft.de\/wp-content\/uploads\/2018\/11\/fs_nrw_logo_rechteck.png\"><img loading=\"lazy\" decoding=\"async\" class=\"alignright wp-image-610 size-medium\" src=\"http:\/\/fakultaetentag-sportwissenschaft.de\/wp-content\/uploads\/2018\/11\/fs_nrw_logo_rechteck-300x135.png\" alt=\"Logo der Landeskonferent des Fakult\u00e4tentages Sportwissenschaft in Nordrhein-Westfalen\" width=\"300\" height=\"135\" srcset=\"https:\/\/fakultaetentag-sportwissenschaft.de\/wp-content\/uploads\/2018\/11\/fs_nrw_logo_rechteck-300x135.png 300w, https:\/\/fakultaetentag-sportwissenschaft.de\/wp-content\/uploads\/2018\/11\/fs_nrw_logo_rechteck.png 360w\" sizes=\"auto, (max-width: 300px) 100vw, 300px\" \/><\/a>15. November an der Universit\u00e4t Bielefeld statt. Neben einem Bericht zur Landespolitik durch Herrn Dr. Reinink von der Staatskanzlei NRW wurde \u00fcber den Landespreis Sport und Wissenschaft, den Fachtag Sport und Wissenschaft, die Qualifikation von Sportlehrkr\u00e4ften f\u00fcr die Grundschule sowie den Kongress Sport und Bildung NRW diskutiert. Ein besonderer Schwerpunkt lag auf der Etablierung des Forschungsverbunds Kinder- und Jugendsport NRW, dessen Gesch\u00e4ftsstelle an der WWU M\u00fcnster ihre Arbeit aufgenommen hat. Die konstituierende Sitzung zur AG Kinder- und Jugendsport fand im Anschluss an den Fakult\u00e4tentag statt.<\/p>\n","protected":false},"excerpt":{"rendered":"<p>Die 11. Sitzung des Fakult\u00e4tentags Sportwissenschaft NRW fand am 15. November an der Universit\u00e4t Bielefeld statt. Neben einem Bericht zur Landespolitik durch Herrn Dr. Reinink von der Staatskanzlei NRW wurde \u00fcber den Landespreis Sport und Wissenschaft, den Fachtag Sport und Wissenschaft, die Qualifikation von Sportlehrkr\u00e4ften f\u00fcr die Grundschule sowie den Kongress Sport und Bildung NRW <span class=\"ellipsis\">&hellip;<\/span> <span class=\"more-link-wrap\"><a href=\"https:\/\/fakultaetentag-sportwissenschaft.de\/index.php\/2019\/11\/20\/sitzung-des-fakultatentags-sportwissenschaft-nrw-in-bielefeld\/\" class=\"more-link\"><span>Read More &rarr;<\/span><\/a><\/span><\/p>\n","protected":false},"author":2,"featured_media":0,"comment_status":"closed","ping_status":"closed","sticky":false,"template":"","format":"standard","meta":{"footnotes":""},"categories":[13],"tags":[],"class_list":["post-835","post","type-post","status-publish","format-standard","hentry","category-nrw-aktuelles"],"_links":{"self":[{"href":"https:\/\/fakultaetentag-sportwissenschaft.de\/index.php\/wp-json\/wp\/v2\/posts\/835","targetHints":{"allow":["GET"]}}],"collection":[{"href":"https:\/\/fakultaetentag-sportwissenschaft.de\/index.php\/wp-json\/wp\/v2\/posts"}],"about":[{"href":"https:\/\/fakultaetentag-sportwissenschaft.de\/index.php\/wp-json\/wp\/v2\/types\/post"}],"author":[{"embeddable":true,"href":"https:\/\/fakultaetentag-sportwissenschaft.de\/index.php\/wp-json\/wp\/v2\/users\/2"}],"replies":[{"embeddable":true,"href":"https:\/\/fakultaetentag-sportwissenschaft.de\/index.php\/wp-json\/wp\/v2\/comments?post=835"}],"version-history":[{"count":4,"href":"https:\/\/fakultaetentag-sportwissenschaft.de\/index.php\/wp-json\/wp\/v2\/posts\/835\/revisions"}],"predecessor-version":[{"id":914,"href":"https:\/\/fakultaetentag-sportwissenschaft.de\/index.php\/wp-json\/wp\/v2\/posts\/835\/revisions\/914"}],"wp:attachment":[{"href":"https:\/\/fakultaetentag-sportwissenschaft.de\/index.php\/wp-json\/wp\/v2\/media?parent=835"}],"wp:term":[{"taxonomy":"category","embeddable":true,"href":"https:\/\/fakultaetentag-sportwissenschaft.de\/index.php\/wp-json\/wp\/v2\/categories?post=835"},{"taxonomy":"post_tag","embeddable":true,"href":"https:\/\/fakultaetentag-sportwissenschaft.de\/index.php\/wp-json\/wp\/v2\/tags?post=835"}],"curies":[{"name":"wp","href":"https:\/\/api.w.org\/{rel}","templated":true}]}}