{"id":1216,"date":"2023-05-17T19:19:05","date_gmt":"2023-05-17T19:19:05","guid":{"rendered":"http:\/\/fakultaetentag-sportwissenschaft.de\/?p=1216"},"modified":"2023-07-10T12:40:46","modified_gmt":"2023-07-10T12:40:46","slug":"kolner-sportwissenschaftler-prof-dr-abel-mit-lehrpreis-ausgezeichnet","status":"publish","type":"post","link":"https:\/\/fakultaetentag-sportwissenschaft.de\/index.php\/2023\/05\/17\/kolner-sportwissenschaftler-prof-dr-abel-mit-lehrpreis-ausgezeichnet\/","title":{"rendered":"K\u00f6lner Sportwissenschaftler Prof. Dr. Abel mit Lehrpreis ausgezeichnet"},"content":{"rendered":"<p><div id=\"attachment_1217\" style=\"width: 2570px\" class=\"wp-caption alignright\"><a href=\"http:\/\/fakultaetentag-sportwissenschaft.de\/wp-content\/uploads\/2023\/05\/Fakultatenpreis_128-scaled.jpg\"><img loading=\"lazy\" decoding=\"async\" aria-describedby=\"caption-attachment-1217\" src=\"http:\/\/fakultaetentag-sportwissenschaft.de\/wp-content\/uploads\/2023\/05\/Fakultatenpreis_128-scaled.jpg\" alt=\"\" width=\"2560\" height=\"1707\" class=\"size-full wp-image-1217\" srcset=\"https:\/\/fakultaetentag-sportwissenschaft.de\/wp-content\/uploads\/2023\/05\/Fakultatenpreis_128-scaled.jpg 2560w, https:\/\/fakultaetentag-sportwissenschaft.de\/wp-content\/uploads\/2023\/05\/Fakultatenpreis_128-300x200.jpg 300w, https:\/\/fakultaetentag-sportwissenschaft.de\/wp-content\/uploads\/2023\/05\/Fakultatenpreis_128-1024x683.jpg 1024w, https:\/\/fakultaetentag-sportwissenschaft.de\/wp-content\/uploads\/2023\/05\/Fakultatenpreis_128-768x512.jpg 768w, https:\/\/fakultaetentag-sportwissenschaft.de\/wp-content\/uploads\/2023\/05\/Fakultatenpreis_128-1536x1024.jpg 1536w, https:\/\/fakultaetentag-sportwissenschaft.de\/wp-content\/uploads\/2023\/05\/Fakultatenpreis_128-2048x1365.jpg 2048w\" sizes=\"auto, (max-width: 2560px) 100vw, 2560px\" \/><\/a><p id=\"caption-attachment-1217\" class=\"wp-caption-text\">Verleihung des Ars Legendi-Fakult\u00e4tenpreises Sportwissenschaften an Thomas Abel am 27.4.2023 in Hannover<\/p><\/div><br \/>\nDer Sportwissenschaftler Prof. Dr. Thomas Abel von der Deutschen Sporthochschule (DSHS) K\u00f6ln ist mit dem Ars legendi-Fakult\u00e4tenpreis Sportwissenschaft ausgezeichnet worden. Der Preis f\u00fcr exzellente Lehre wird vom Stifterverband f\u00fcr die Deutsche Wissenschaft und dem Fakult\u00e4tentag Sportwissenschaft in Zusammenarbeit mit der Deutschen Vereinigung f\u00fcr Sportwissenschaft ausgelobt. Die Ehrung f\u00fcr Prof. Dr. Abel wurde im Rahmen einer Feierstunde mit geladenen G\u00e4sten beim Landessportbund (LSB) Niedersachsen in Hannover vom Vorsitzenden der Heinz Nixdorf Stiftung, Prof. Dr. Nikolaus Risch, pers\u00f6nlich vorgenommen. Die Stiftung hatte das Preisgeld in H\u00f6he von 10.000 Euro zur Verf\u00fcgung stellte.<br \/>\nDer Preistr\u00e4ger Abel, seit 2014 Professor f\u00fcr den Paralympischen Sport an der DSHS K\u00f6ln, hat die achtk\u00f6pfige Jury nicht nur mit seiner langj\u00e4hrigen Erfahrung und der herausragenden Betreuung von Studierenden \u00fcberzeugt: \u201eThomas Abel war ma\u00dfgeblich daran beteiligt, exzellente digitale Lehr- und Pr\u00fcfungsformate weiterzuentwickeln und in die Curricula zu implementieren \u2013 beste Voraussetzung f\u00fcr eine diverse und inklusive Lehre, flankiert von seiner Begeisterung f\u00fcr die forschende Lehre, die er f\u00fcr die K\u00f6lner Sportstudierenden in den Studienalltag eingef\u00fchrt hat.\u201c<br \/>\nIn einer beeindruckenden Laudatio auf den Preistr\u00e4ger fand Marcel Wienands, ehemaliger Sportstudent an der DSHS und inzwischen Projektkoordinator bei Deutscher Behindertensportverband, sehr pers\u00f6nliche Worte f\u00fcr den h\u00f6chst engagierten Dozenten Abel, der ihn nach seiner Erblindung w\u00e4hrend des Sportstudiums in ungew\u00f6hnlicher Form unterst\u00fctzt hatte: \u201eIch wollte mein Studium nicht abbrechen und habe einen verst\u00e4ndnisvollen Begleiter und Ratgeber gefunden.\u201c Thomas Abel ermutige Studierende mit Behinderungen und habe unter dem Motto \u201eVielfalt willkommen hei\u00dfen\u201c wichtige Impulse gegeben, damit \u201eStudierende mit Behinderung heute im Campusleben in K\u00f6ln selbstverst\u00e4ndlicher Teil sind\u201c, w\u00fcrdigte Wienands w\u00f6rtlich weiter.<br \/>\nSchon in seiner Begr\u00fc\u00dfungsrede warb der Vorstandsvorsitzende des LSB Niedersachsen, Reinhard Rawe, daf\u00fcr, dass Sportwissenschaft und Sportorganisationen sich st\u00e4rker noch als bisher als Partner begreifen sollten, um \u201edie gesellschaftspolitische Bedeutung von Bewegung und Sport noch st\u00e4rker in der \u00d6ffentlichkeit verankern zu k\u00f6nnen.\u201c Sport und Gesellschaft brauchten eine noch engere Verkn\u00fcpfung zwischen Sportwissenschaft, Sportpraxis und insbesondere der Sportp\u00e4dagogik.<br \/>\nAm Rande der Preisverleihung wurde der langj\u00e4hrige Vorsitzende des Fakult\u00e4tentags Sportwissenschaft, Prof. Detlef Kuhlmann (Leibniz Universit\u00e4t Hannover), mit dem Ars legendi-Sonderpreis f\u00fcr sein langj\u00e4hriges Engagement f\u00fcr exzellente Lehre in der Sportwissenschaft und seine Verdienste um den Ars legendi-Fakult\u00e4tenpreis ausgezeichnet. Der Ars legendi-Fakult\u00e4tenpreis wird alle zwei Jahre vergeben. Die fr\u00fcheren Preistr\u00e4gerinnen sind Dr. Verena Burk (Universit\u00e4t T\u00fcbingen, 2019) und Prof. Dr. Verena Oesterhelt (Universit\u00e4t Gie\u00dfen, 2021). Erster Preistr\u00e4ger im Jahre 2017 war Prof. Dr. Nils Neuber (Universit\u00e4t M\u00fcnster). <\/p>\n","protected":false},"excerpt":{"rendered":"<p>Der Sportwissenschaftler Prof. Dr. Thomas Abel von der Deutschen Sporthochschule (DSHS) K\u00f6ln ist mit dem Ars legendi-Fakult\u00e4tenpreis Sportwissenschaft ausgezeichnet worden. Der Preis f\u00fcr exzellente Lehre wird vom Stifterverband f\u00fcr die Deutsche Wissenschaft und dem Fakult\u00e4tentag Sportwissenschaft in Zusammenarbeit mit der Deutschen Vereinigung f\u00fcr Sportwissenschaft ausgelobt. Die Ehrung f\u00fcr Prof. Dr. Abel wurde im Rahmen einer <span class=\"ellipsis\">&hellip;<\/span> <span class=\"more-link-wrap\"><a href=\"https:\/\/fakultaetentag-sportwissenschaft.de\/index.php\/2023\/05\/17\/kolner-sportwissenschaftler-prof-dr-abel-mit-lehrpreis-ausgezeichnet\/\" class=\"more-link\"><span>Read More &rarr;<\/span><\/a><\/span><\/p>\n","protected":false},"author":5,"featured_media":0,"comment_status":"closed","ping_status":"closed","sticky":false,"template":"","format":"standard","meta":{"footnotes":""},"categories":[2],"tags":[],"class_list":["post-1216","post","type-post","status-publish","format-standard","hentry","category-aktuelles"],"_links":{"self":[{"href":"https:\/\/fakultaetentag-sportwissenschaft.de\/index.php\/wp-json\/wp\/v2\/posts\/1216","targetHints":{"allow":["GET"]}}],"collection":[{"href":"https:\/\/fakultaetentag-sportwissenschaft.de\/index.php\/wp-json\/wp\/v2\/posts"}],"about":[{"href":"https:\/\/fakultaetentag-sportwissenschaft.de\/index.php\/wp-json\/wp\/v2\/types\/post"}],"author":[{"embeddable":true,"href":"https:\/\/fakultaetentag-sportwissenschaft.de\/index.php\/wp-json\/wp\/v2\/users\/5"}],"replies":[{"embeddable":true,"href":"https:\/\/fakultaetentag-sportwissenschaft.de\/index.php\/wp-json\/wp\/v2\/comments?post=1216"}],"version-history":[{"count":1,"href":"https:\/\/fakultaetentag-sportwissenschaft.de\/index.php\/wp-json\/wp\/v2\/posts\/1216\/revisions"}],"predecessor-version":[{"id":1218,"href":"https:\/\/fakultaetentag-sportwissenschaft.de\/index.php\/wp-json\/wp\/v2\/posts\/1216\/revisions\/1218"}],"wp:attachment":[{"href":"https:\/\/fakultaetentag-sportwissenschaft.de\/index.php\/wp-json\/wp\/v2\/media?parent=1216"}],"wp:term":[{"taxonomy":"category","embeddable":true,"href":"https:\/\/fakultaetentag-sportwissenschaft.de\/index.php\/wp-json\/wp\/v2\/categories?post=1216"},{"taxonomy":"post_tag","embeddable":true,"href":"https:\/\/fakultaetentag-sportwissenschaft.de\/index.php\/wp-json\/wp\/v2\/tags?post=1216"}],"curies":[{"name":"wp","href":"https:\/\/api.w.org\/{rel}","templated":true}]}}