{"id":1069,"date":"2021-06-14T07:01:24","date_gmt":"2021-06-14T07:01:24","guid":{"rendered":"http:\/\/fakultaetentag-sportwissenschaft.de\/?p=1069"},"modified":"2021-06-14T07:02:16","modified_gmt":"2021-06-14T07:02:16","slug":"neuer-termin-fur-preisverleihung-ars-legendi-und-9-bundeskonferenz","status":"publish","type":"post","link":"https:\/\/fakultaetentag-sportwissenschaft.de\/index.php\/2021\/06\/14\/neuer-termin-fur-preisverleihung-ars-legendi-und-9-bundeskonferenz\/","title":{"rendered":"Neuer Termin f\u00fcr Preisverleihung Ars legendi und 9. Bundeskonferenz"},"content":{"rendered":"<p>Der Vorstand des Fakult\u00e4tentags Sportwissenschaft hat jetzt\u00a0im Einvernehmen mit der Gesch\u00e4ftsf\u00fchrung des LSB Hessen entschieden, die zusammen mit der Verleihung des Ars legendi Fakult\u00e4tenpreises f\u00fcr den 16. Juli 2021 terminierte 9. Bundeskonferenz wegen der anhaltenden Pandemie abermals zu verlegen, und zwar nunmehr auf<\/p>\n<p style=\"text-align: center;\"><strong>Freitag, den 12. November 2021 von 11 bis ca. 16 Uhr<\/strong>.<\/p>\n<p>Wir bitten daher alle Interessierten um \u201eSave the date\u201c! Die Veranstaltung wird in den R\u00e4umen des LSB Hessen in Frankfurt (Otto-Fleck-Schneise) stattfinden. Eine gesonderte Einladung mit Tagesordnung f\u00fcr die Bundeskonferenz versenden wir rechtzeitig.<\/p>\n","protected":false},"excerpt":{"rendered":"<p>Der Vorstand des Fakult\u00e4tentags Sportwissenschaft hat jetzt\u00a0im Einvernehmen mit der Gesch\u00e4ftsf\u00fchrung des LSB Hessen entschieden, die zusammen mit der Verleihung des Ars legendi Fakult\u00e4tenpreises f\u00fcr den 16. Juli 2021 terminierte 9. Bundeskonferenz wegen der anhaltenden Pandemie abermals zu verlegen, und zwar nunmehr auf Freitag, den 12. November 2021 von 11 bis ca. 16 Uhr. Wir <span class=\"ellipsis\">&hellip;<\/span> <span class=\"more-link-wrap\"><a href=\"https:\/\/fakultaetentag-sportwissenschaft.de\/index.php\/2021\/06\/14\/neuer-termin-fur-preisverleihung-ars-legendi-und-9-bundeskonferenz\/\" class=\"more-link\"><span>Read More &rarr;<\/span><\/a><\/span><\/p>\n","protected":false},"author":2,"featured_media":0,"comment_status":"closed","ping_status":"closed","sticky":false,"template":"","format":"standard","meta":{"footnotes":""},"categories":[2],"tags":[],"class_list":["post-1069","post","type-post","status-publish","format-standard","hentry","category-aktuelles"],"_links":{"self":[{"href":"https:\/\/fakultaetentag-sportwissenschaft.de\/index.php\/wp-json\/wp\/v2\/posts\/1069","targetHints":{"allow":["GET"]}}],"collection":[{"href":"https:\/\/fakultaetentag-sportwissenschaft.de\/index.php\/wp-json\/wp\/v2\/posts"}],"about":[{"href":"https:\/\/fakultaetentag-sportwissenschaft.de\/index.php\/wp-json\/wp\/v2\/types\/post"}],"author":[{"embeddable":true,"href":"https:\/\/fakultaetentag-sportwissenschaft.de\/index.php\/wp-json\/wp\/v2\/users\/2"}],"replies":[{"embeddable":true,"href":"https:\/\/fakultaetentag-sportwissenschaft.de\/index.php\/wp-json\/wp\/v2\/comments?post=1069"}],"version-history":[{"count":3,"href":"https:\/\/fakultaetentag-sportwissenschaft.de\/index.php\/wp-json\/wp\/v2\/posts\/1069\/revisions"}],"predecessor-version":[{"id":1072,"href":"https:\/\/fakultaetentag-sportwissenschaft.de\/index.php\/wp-json\/wp\/v2\/posts\/1069\/revisions\/1072"}],"wp:attachment":[{"href":"https:\/\/fakultaetentag-sportwissenschaft.de\/index.php\/wp-json\/wp\/v2\/media?parent=1069"}],"wp:term":[{"taxonomy":"category","embeddable":true,"href":"https:\/\/fakultaetentag-sportwissenschaft.de\/index.php\/wp-json\/wp\/v2\/categories?post=1069"},{"taxonomy":"post_tag","embeddable":true,"href":"https:\/\/fakultaetentag-sportwissenschaft.de\/index.php\/wp-json\/wp\/v2\/tags?post=1069"}],"curies":[{"name":"wp","href":"https:\/\/api.w.org\/{rel}","templated":true}]}}