{"id":1048,"date":"2021-04-22T08:34:57","date_gmt":"2021-04-22T08:34:57","guid":{"rendered":"http:\/\/fakultaetentag-sportwissenschaft.de\/?p=1048"},"modified":"2021-04-23T08:37:14","modified_gmt":"2021-04-23T08:37:14","slug":"verena-oesterhelt-gewinnt-den-ars-legendi-fakultatenpreis-fur-sportwissenschaft-2021","status":"publish","type":"post","link":"https:\/\/fakultaetentag-sportwissenschaft.de\/index.php\/2021\/04\/22\/verena-oesterhelt-gewinnt-den-ars-legendi-fakultatenpreis-fur-sportwissenschaft-2021\/","title":{"rendered":"Verena Oesterhelt gewinnt den Ars legendi-Fakult\u00e4tenpreis f\u00fcr Sportwissenschaft 2021"},"content":{"rendered":"<div class=\"teaser-text\">\n<p><b>Stifterverband<br \/>\n<\/b><\/p>\n<\/div>\n<div class=\"news-img-wrap\">\n<div class=\"outer\">\n<div class=\"mediaelement mediaelement-image\"><img loading=\"lazy\" decoding=\"async\" class=\"alignright\" src=\"https:\/\/www.sportwissenschaft.de\/fileadmin\/img\/_processed_\/4\/8\/csm_2021_Ars-Legendi-2021_2_ba84874d65.jpg\" alt=\"\" width=\"282\" height=\"147\" \/><\/div>\n<\/div>\n<\/div>\n<div class=\"news-text-wrap\">\n<p><i>Der diesj\u00e4hrige Ars legendi-Fakult\u00e4tenpreis f\u00fcr Sportwissenschaft wird vom Stifterverband und dem Fakult\u00e4tentag Sportwissenschaft in Zusammenarbeit mit der Deutschen Vereinigung f\u00fcr Sportwissenschaften an Verena Oesterhelt von der Universit\u00e4t Gie\u00dfen verliehen. Ihre Lehre, insbesondere in Zeiten einer Pandemie, steht f\u00fcr ein beispielsloses Engagement den Studierenden, ihrer Fakult\u00e4t und der Universit\u00e4t gegen\u00fcber.<\/i><\/p>\n<p>Essen, 21.04.2021. Verena Oesterhelt leitet am Institut f\u00fcr Sportwissenschaft an der Justus-Liebig-Universit\u00e4t Gie\u00dfen den Bereich Sportwissenschaft mit Schwerpunkt Sportdidaktik. Hier treibt sie mit herausragender wissenschaftlicher Kompetenz den Diskurs im Bereich der Sportwissenschaft voran und lenkt mit ihrem transformativen Ziel die Sportwissenschaft auf innovative und zukunftsweisende Bahnen. F\u00fcr diese besondere Leistung erh\u00e4lt Verena Oesterhelt den diesj\u00e4hrigen Ars legendi-Fakult\u00e4tenpreis f\u00fcr Sportwissenschaft.<\/p>\n<p>Verena Oesterhelt setzte sich bei der neunk\u00f6pfigen Jury, zusammengesetzt mit Vertretern der Hochschuldidaktik, Fachvertretern sowie Studierenden gegen\u00fcber ihren Mitbewerbern durch: \u201eMit ihrer Bewerbung hat Verena Oesterhelt eine beeindruckende Qualit\u00e4t ihres breiten Spektrums an Lehrleistungen mit au\u00dfergew\u00f6hnlichem Ideenreichtum und einem hohen pers\u00f6nlichen Engagement nachgewiesen. Sie bereichert in ganz besonderer Weise das Fach an ihrem Institut an der Universit\u00e4t Gie\u00dfen, aber auch mit Ausstrahlung dar\u00fcber hinaus\u201c, fasst Detlef Kuhlmann von der Leibniz Universit\u00e4t Hannover, Vorsitzender der Jury und Vorsitzender des Fakult\u00e4tentages Sportwissenschaft, die Juryentscheidung zusammen.<\/p>\n<p>Mit dem Ziel, die sportwissenschaftliche Lehre immer reflektierend und dynamisch zu gestalten, passt Verena Oesterhelt sich sowohl mit ihren Lehrformaten als auch mit ihren konkreten Lehrzielen den situativen Rahmenbedingungen an. So entwickelte sie am Institut f\u00fcr Sportwissenschaft in Gie\u00dfen ein virtuelles Campuskonzept zum Start in das Online-Semester. Insbesondere Studienanf\u00e4nger hatten somit die M\u00f6glichkeit, ihre Universit\u00e4t w\u00e4hrend der Corona-Pandemie von zu Hause aus kennenzulernen. Oesterhelt strebt stetig danach, ihre Lehre zu verbessern. Dabei legt sie viel Wert auf die Meinung der Studierenden und auf ein interaktives Miteinander. Verena Oesterhelt lebt f\u00fcr ihren Beruf und ihr pers\u00f6nlicher Einsatz zeugt in jeglicher Hinsicht von der Qualit\u00e4t ihrer Lehre.<\/p>\n<p>Die Preisverleihung wird voraussichtlich am 16. Juli 2021 in Frankfurt am Main stattfinden. Der Preis ist mit 10.000 Euro dotiert.<\/p>\n<p><strong>Kontakte:<\/strong><br \/>\nPeggy Gro\u00df<br \/>\nPressesprecherin des Stifterverbandes<br \/>\nT 030 322982-530<br \/>\npresse@stifterverband.de<\/p>\n<p>Detlef Kuhlmann<br \/>\nVorsitzender des Fakult\u00e4tentages Sportwissenschaft<br \/>\nT 0511 762-19442<br \/>\ndetlef.kuhlmann@sportwiss.uni-hannover.de<\/p>\n<p><i>Quelle: idw, Stifterverband 21.04.2021<\/i><\/p>\n<\/div>\n","protected":false},"excerpt":{"rendered":"<p>Stifterverband Der diesj\u00e4hrige Ars legendi-Fakult\u00e4tenpreis f\u00fcr Sportwissenschaft wird vom Stifterverband und dem Fakult\u00e4tentag Sportwissenschaft in Zusammenarbeit mit der Deutschen Vereinigung f\u00fcr Sportwissenschaften an Verena Oesterhelt von der Universit\u00e4t Gie\u00dfen verliehen. Ihre Lehre, insbesondere in Zeiten einer Pandemie, steht f\u00fcr ein beispielsloses Engagement den Studierenden, ihrer Fakult\u00e4t und der Universit\u00e4t gegen\u00fcber. Essen, 21.04.2021. Verena Oesterhelt leitet <span class=\"ellipsis\">&hellip;<\/span> <span class=\"more-link-wrap\"><a href=\"https:\/\/fakultaetentag-sportwissenschaft.de\/index.php\/2021\/04\/22\/verena-oesterhelt-gewinnt-den-ars-legendi-fakultatenpreis-fur-sportwissenschaft-2021\/\" class=\"more-link\"><span>Read More &rarr;<\/span><\/a><\/span><\/p>\n","protected":false},"author":2,"featured_media":0,"comment_status":"closed","ping_status":"closed","sticky":false,"template":"","format":"standard","meta":{"footnotes":""},"categories":[2],"tags":[],"class_list":["post-1048","post","type-post","status-publish","format-standard","hentry","category-aktuelles"],"_links":{"self":[{"href":"https:\/\/fakultaetentag-sportwissenschaft.de\/index.php\/wp-json\/wp\/v2\/posts\/1048","targetHints":{"allow":["GET"]}}],"collection":[{"href":"https:\/\/fakultaetentag-sportwissenschaft.de\/index.php\/wp-json\/wp\/v2\/posts"}],"about":[{"href":"https:\/\/fakultaetentag-sportwissenschaft.de\/index.php\/wp-json\/wp\/v2\/types\/post"}],"author":[{"embeddable":true,"href":"https:\/\/fakultaetentag-sportwissenschaft.de\/index.php\/wp-json\/wp\/v2\/users\/2"}],"replies":[{"embeddable":true,"href":"https:\/\/fakultaetentag-sportwissenschaft.de\/index.php\/wp-json\/wp\/v2\/comments?post=1048"}],"version-history":[{"count":3,"href":"https:\/\/fakultaetentag-sportwissenschaft.de\/index.php\/wp-json\/wp\/v2\/posts\/1048\/revisions"}],"predecessor-version":[{"id":1051,"href":"https:\/\/fakultaetentag-sportwissenschaft.de\/index.php\/wp-json\/wp\/v2\/posts\/1048\/revisions\/1051"}],"wp:attachment":[{"href":"https:\/\/fakultaetentag-sportwissenschaft.de\/index.php\/wp-json\/wp\/v2\/media?parent=1048"}],"wp:term":[{"taxonomy":"category","embeddable":true,"href":"https:\/\/fakultaetentag-sportwissenschaft.de\/index.php\/wp-json\/wp\/v2\/categories?post=1048"},{"taxonomy":"post_tag","embeddable":true,"href":"https:\/\/fakultaetentag-sportwissenschaft.de\/index.php\/wp-json\/wp\/v2\/tags?post=1048"}],"curies":[{"name":"wp","href":"https:\/\/api.w.org\/{rel}","templated":true}]}}