{"id":1036,"date":"2021-03-08T10:34:07","date_gmt":"2021-03-08T10:34:07","guid":{"rendered":"http:\/\/fakultaetentag-sportwissenschaft.de\/?p=1036"},"modified":"2021-03-08T10:36:59","modified_gmt":"2021-03-08T10:36:59","slug":"save-the-date-9-bundeskonferenz-am-16-juli-2021-geplant","status":"publish","type":"post","link":"https:\/\/fakultaetentag-sportwissenschaft.de\/index.php\/2021\/03\/08\/save-the-date-9-bundeskonferenz-am-16-juli-2021-geplant\/","title":{"rendered":"Save the date: 9. Bundeskonferenz am 16. Juli 2021 geplant"},"content":{"rendered":"<p>Der Vorstand des Fakult\u00e4tentags Sportwissenschaft (FSW) hat auf seiner 15. Sitzung Ende Februar 2021 beschlossen, die urspr\u00fcnglich f\u00fcr April 2021 terminierte 9. Bundeskonferenz des FSW auf einen sp\u00e4teren Zeitpunkt zu verschieben. Angedacht im Sinne von \u201eSave the date!\u201c ist Freitag, der 16. Juli 2021 (Ort noch offen, Zeitraum ca. 11 bis ca. 16 Uhr). Im Rahmen der 9. Bundeskonferenz soll auch die Verleihung des Ars legendi Fakult\u00e4tenpreises 2021 stattfinden, f\u00fcr den sechs Bewerbungen vorliegen.<\/p>\n<p>Das urspr\u00fcnglich ebenfalls f\u00fcr April 2021 vorgesehene 3. Symposium \u201eSportwissenschaft 2030\u201c zum Thema Sporteignungstests wird verschoben auf Fr\u00fchjahr 2022. Diese Entscheidung des Vorstands wird auch (abseits der schwierigen technischen Realisierung und tagungsdidaktischen Herausforderungen) inhaltlich damit begr\u00fcndet, dass das Thema Eignungsfeststellung durch die andauernde Pandemie zwar weiterhin hohe Aktualit\u00e4t genie\u00dft, aber die urspr\u00fcngliche Intention der Tagung dadurch einseitig instrumentalisiert werden k\u00f6nnte.<\/p>\n","protected":false},"excerpt":{"rendered":"<p>Der Vorstand des Fakult\u00e4tentags Sportwissenschaft (FSW) hat auf seiner 15. Sitzung Ende Februar 2021 beschlossen, die urspr\u00fcnglich f\u00fcr April 2021 terminierte 9. Bundeskonferenz des FSW auf einen sp\u00e4teren Zeitpunkt zu verschieben. Angedacht im Sinne von \u201eSave the date!\u201c ist Freitag, der 16. Juli 2021 (Ort noch offen, Zeitraum ca. 11 bis ca. 16 Uhr). Im <span class=\"ellipsis\">&hellip;<\/span> <span class=\"more-link-wrap\"><a href=\"https:\/\/fakultaetentag-sportwissenschaft.de\/index.php\/2021\/03\/08\/save-the-date-9-bundeskonferenz-am-16-juli-2021-geplant\/\" class=\"more-link\"><span>Read More &rarr;<\/span><\/a><\/span><\/p>\n","protected":false},"author":2,"featured_media":0,"comment_status":"closed","ping_status":"closed","sticky":false,"template":"","format":"standard","meta":{"footnotes":""},"categories":[2],"tags":[],"class_list":["post-1036","post","type-post","status-publish","format-standard","hentry","category-aktuelles"],"_links":{"self":[{"href":"https:\/\/fakultaetentag-sportwissenschaft.de\/index.php\/wp-json\/wp\/v2\/posts\/1036","targetHints":{"allow":["GET"]}}],"collection":[{"href":"https:\/\/fakultaetentag-sportwissenschaft.de\/index.php\/wp-json\/wp\/v2\/posts"}],"about":[{"href":"https:\/\/fakultaetentag-sportwissenschaft.de\/index.php\/wp-json\/wp\/v2\/types\/post"}],"author":[{"embeddable":true,"href":"https:\/\/fakultaetentag-sportwissenschaft.de\/index.php\/wp-json\/wp\/v2\/users\/2"}],"replies":[{"embeddable":true,"href":"https:\/\/fakultaetentag-sportwissenschaft.de\/index.php\/wp-json\/wp\/v2\/comments?post=1036"}],"version-history":[{"count":4,"href":"https:\/\/fakultaetentag-sportwissenschaft.de\/index.php\/wp-json\/wp\/v2\/posts\/1036\/revisions"}],"predecessor-version":[{"id":1040,"href":"https:\/\/fakultaetentag-sportwissenschaft.de\/index.php\/wp-json\/wp\/v2\/posts\/1036\/revisions\/1040"}],"wp:attachment":[{"href":"https:\/\/fakultaetentag-sportwissenschaft.de\/index.php\/wp-json\/wp\/v2\/media?parent=1036"}],"wp:term":[{"taxonomy":"category","embeddable":true,"href":"https:\/\/fakultaetentag-sportwissenschaft.de\/index.php\/wp-json\/wp\/v2\/categories?post=1036"},{"taxonomy":"post_tag","embeddable":true,"href":"https:\/\/fakultaetentag-sportwissenschaft.de\/index.php\/wp-json\/wp\/v2\/tags?post=1036"}],"curies":[{"name":"wp","href":"https:\/\/api.w.org\/{rel}","templated":true}]}}