{"id":1015,"date":"2021-01-26T15:30:33","date_gmt":"2021-01-26T15:30:33","guid":{"rendered":"http:\/\/fakultaetentag-sportwissenschaft.de\/?p=1015"},"modified":"2021-01-26T15:42:39","modified_gmt":"2021-01-26T15:42:39","slug":"ubergabe-an-christof","status":"publish","type":"post","link":"https:\/\/fakultaetentag-sportwissenschaft.de\/index.php\/2021\/01\/26\/ubergabe-an-christof\/","title":{"rendered":"\u00dcbergabe an Christof"},"content":{"rendered":"<p>Der Fakult\u00e4tentag Sportwissenschaft schreibt in Zusammenarbeit mit dem Stifterverband f\u00fcr die Deutsche Wissenschaft und der Deutschen Vereinigung f\u00fcr Sportwissenschaft zum dritten Mal den Ars legendi\u00a0 Fakult\u00e4tenpreis Sportwissenschaft aus. Der Vorstand des Fakult\u00e4tentages Sportwissenschaft dankt der Heinz Nixdorf-Stiftung f\u00fcr die finanzielle Unterst\u00fctzung und l\u00e4dt nun interessierte Kolleginnen und Kollegen aus den Mitgliedshochschulen ein, sich zu bewerben.<\/p>\n<p>Wir freuen uns \u00fcber Ihre Bewerbung bis zum 29. Januar 2021 und verweisen auf die detaillierten Informationen zur Ausschreibung unter\u00a0<a href=\"https:\/\/www.stifterverband.org\/ars-legendi-sport\">https:\/\/www.stifterverband.org\/ars-legendi-sport<\/a>.<\/p>\n<p>Vorstand des Fakult\u00e4tentages Sportwissenschaft<\/p>\n<div id=\"attachment_956\" style=\"width: 130px\" class=\"wp-caption alignright\"><a href=\"http:\/\/fakultaetentag-sportwissenschaft.de\/wp-content\/uploads\/2020\/06\/Fakultaetentag-Sportwissenschaft-NRW-340x420.png\"><img loading=\"lazy\" decoding=\"async\" aria-describedby=\"caption-attachment-956\" class=\"wp-image-956\" src=\"http:\/\/fakultaetentag-sportwissenschaft.de\/wp-content\/uploads\/2020\/06\/Fakultaetentag-Sportwissenschaft-NRW-340x420.png\" alt=\"\" width=\"120\" height=\"148\" srcset=\"https:\/\/fakultaetentag-sportwissenschaft.de\/wp-content\/uploads\/2020\/06\/Fakultaetentag-Sportwissenschaft-NRW-340x420.png 340w, https:\/\/fakultaetentag-sportwissenschaft.de\/wp-content\/uploads\/2020\/06\/Fakultaetentag-Sportwissenschaft-NRW-340x420-243x300.png 243w\" sizes=\"auto, (max-width: 120px) 100vw, 120px\" \/><\/a><p id=\"caption-attachment-956\" class=\"wp-caption-text\">(c) Das ist unsere Caption.<\/p><\/div>\n<p>Hier kommt der Text von<span style=\"color: #ff6600;\"> Herrn Kuhlman<\/span><span style=\"color: #ff9900;\">n<\/span>.<\/p>\n<ul>\n<li>Punkt 1<\/li>\n<li>Punkt 2<\/li>\n<\/ul>\n<blockquote><p>Zitat&#8230; wei\u00df gar nicht, ob das speziell hervorgehoben wird.<\/p>\n<ol>\n<li>Punkt 1<\/li>\n<li>und 2<\/li>\n<\/ol>\n<\/blockquote>\n<p>&nbsp;<\/p>\n<p>UPDATE! Update2!<\/p>\n<p>&nbsp;<\/p>\n<p><a href=\"http:\/\/fakultaetentag-sportwissenschaft.de\/wp-content\/uploads\/2020\/11\/Fachgespaech_Sport_Digitalisierung.png\"><img loading=\"lazy\" decoding=\"async\" class=\"alignright wp-image-1006 size-medium\" src=\"http:\/\/fakultaetentag-sportwissenschaft.de\/wp-content\/uploads\/2020\/11\/Fachgespaech_Sport_Digitalisierung-300x187.png\" alt=\"\" width=\"300\" height=\"187\" srcset=\"https:\/\/fakultaetentag-sportwissenschaft.de\/wp-content\/uploads\/2020\/11\/Fachgespaech_Sport_Digitalisierung-300x187.png 300w, https:\/\/fakultaetentag-sportwissenschaft.de\/wp-content\/uploads\/2020\/11\/Fachgespaech_Sport_Digitalisierung-768x480.png 768w, https:\/\/fakultaetentag-sportwissenschaft.de\/wp-content\/uploads\/2020\/11\/Fachgespaech_Sport_Digitalisierung-1024x639.png 1024w, https:\/\/fakultaetentag-sportwissenschaft.de\/wp-content\/uploads\/2020\/11\/Fachgespaech_Sport_Digitalisierung.png 1395w\" sizes=\"auto, (max-width: 300px) 100vw, 300px\" \/><\/a><\/p>\n","protected":false},"excerpt":{"rendered":"<p>Der Fakult\u00e4tentag Sportwissenschaft schreibt in Zusammenarbeit mit dem Stifterverband f\u00fcr die Deutsche Wissenschaft und der Deutschen Vereinigung f\u00fcr Sportwissenschaft zum dritten Mal den Ars legendi\u00a0 Fakult\u00e4tenpreis Sportwissenschaft aus. Der Vorstand des Fakult\u00e4tentages Sportwissenschaft dankt der Heinz Nixdorf-Stiftung f\u00fcr die finanzielle Unterst\u00fctzung und l\u00e4dt nun interessierte Kolleginnen und Kollegen aus den Mitgliedshochschulen ein, sich zu bewerben. <span class=\"ellipsis\">&hellip;<\/span> <span class=\"more-link-wrap\"><a href=\"https:\/\/fakultaetentag-sportwissenschaft.de\/index.php\/2021\/01\/26\/ubergabe-an-christof\/\" class=\"more-link\"><span>Read More &rarr;<\/span><\/a><\/span><\/p>\n","protected":false},"author":5,"featured_media":0,"comment_status":"closed","ping_status":"closed","sticky":false,"template":"","format":"standard","meta":{"footnotes":""},"categories":[1],"tags":[],"class_list":["post-1015","post","type-post","status-publish","format-standard","hentry","category-uncategorized"],"_links":{"self":[{"href":"https:\/\/fakultaetentag-sportwissenschaft.de\/index.php\/wp-json\/wp\/v2\/posts\/1015","targetHints":{"allow":["GET"]}}],"collection":[{"href":"https:\/\/fakultaetentag-sportwissenschaft.de\/index.php\/wp-json\/wp\/v2\/posts"}],"about":[{"href":"https:\/\/fakultaetentag-sportwissenschaft.de\/index.php\/wp-json\/wp\/v2\/types\/post"}],"author":[{"embeddable":true,"href":"https:\/\/fakultaetentag-sportwissenschaft.de\/index.php\/wp-json\/wp\/v2\/users\/5"}],"replies":[{"embeddable":true,"href":"https:\/\/fakultaetentag-sportwissenschaft.de\/index.php\/wp-json\/wp\/v2\/comments?post=1015"}],"version-history":[{"count":10,"href":"https:\/\/fakultaetentag-sportwissenschaft.de\/index.php\/wp-json\/wp\/v2\/posts\/1015\/revisions"}],"predecessor-version":[{"id":1025,"href":"https:\/\/fakultaetentag-sportwissenschaft.de\/index.php\/wp-json\/wp\/v2\/posts\/1015\/revisions\/1025"}],"wp:attachment":[{"href":"https:\/\/fakultaetentag-sportwissenschaft.de\/index.php\/wp-json\/wp\/v2\/media?parent=1015"}],"wp:term":[{"taxonomy":"category","embeddable":true,"href":"https:\/\/fakultaetentag-sportwissenschaft.de\/index.php\/wp-json\/wp\/v2\/categories?post=1015"},{"taxonomy":"post_tag","embeddable":true,"href":"https:\/\/fakultaetentag-sportwissenschaft.de\/index.php\/wp-json\/wp\/v2\/tags?post=1015"}],"curies":[{"name":"wp","href":"https:\/\/api.w.org\/{rel}","templated":true}]}}